{"id":10105,"date":"2023-03-29T07:58:12","date_gmt":"2023-03-29T07:58:12","guid":{"rendered":"https:\/\/redfranciscana.org\/?p=10105"},"modified":"2023-03-29T07:59:19","modified_gmt":"2023-03-29T07:59:19","slug":"update-on-the-tragic-accident-involving-migrants-in-planes-de-guanaco-panama","status":"publish","type":"post","link":"https:\/\/redfranciscana.org\/en\/update-on-the-tragic-accident-involving-migrants-in-planes-de-guanaco-panama\/","title":{"rendered":"Update on the tragic accident involving migrants in Planes de Gualaca, Panama"},"content":{"rendered":"<p>[et_pb_section fb_built=&#8221;1&#8243; theme_builder_area=&#8221;post_content&#8221; _builder_version=&#8221;4.19.1&#8243; _module_preset=&#8221;default&#8221;][et_pb_row _builder_version=&#8221;4.19.1&#8243; _module_preset=&#8221;default&#8221; theme_builder_area=&#8221;post_content&#8221;][et_pb_column _builder_version=&#8221;4.19.1&#8243; _module_preset=&#8221;default&#8221; type=&#8221;4_4&#8243; theme_builder_area=&#8221;post_content&#8221;][et_pb_text _builder_version=&#8221;4.19.1&#8243; _module_preset=&#8221;default&#8221; theme_builder_area=&#8221;post_content&#8221; hover_enabled=&#8221;0&#8243; sticky_enabled=&#8221;0&#8243;]<\/p>\n<blockquote>\n<h3 style=\"text-align: justify;\"><span style=\"color: #ff6600;\"><b>After the tragic incident that occurred in the Planes de Gualaca, Chiriqu\u00ed, Panama on February 15, in which 41 migrants lost their lives, many actions have been taken to respond to the needs of the survivors and relatives of the victims.<\/b><\/span><\/h3>\n<\/blockquote>\n<p>[\/et_pb_text][et_pb_text _builder_version=&#8221;4.19.1&#8243; _module_preset=&#8221;default&#8221; theme_builder_area=&#8221;post_content&#8221; hover_enabled=&#8221;0&#8243; sticky_enabled=&#8221;0&#8243;]<\/p>\n<p style=\"text-align: justify;\"><span style=\"font-weight: 400;\">While the authorities of the Institute of Legal Medicine and Forensic Sciences of Panama carry out the pertinent procedures to complete the process of identifying the victims, medical attention continues to be provided for the injured. According to an official statement from the Jos\u00e9 Domingo de Obald\u00eda Maternal and Child Hospital in Chiriqu\u00ed, the condition of the 9 minors admitted to its facilities is stable. The adults who are in the Rafael Hern\u00e1ndez Regional Hospital have already received the required surgical interventions and are in the recovery process. The health authorities assure that both children and adults are being cared for by an interdisciplinary team that includes the necessary emotional and therapeutic support. Patients in the Intensive Care Unit remain stable and under the strict care of medical staff.<\/span><\/p>\n<p style=\"text-align: justify;\"><span style=\"font-weight: 400;\">Meanwhile, Red Clamor and its member organizations have not stopped working. In Chiriqu\u00ed, the Miraculous Medal Home of the Daughters of Charity has been conditioned to house patients and their families once they are discharged from hospitals. Thanks to the coordination with the government authorities, civil society and ecclesial movements, we are ready to receive the migrants who are discharged.<\/span><\/p>\n<p>[\/et_pb_text][et_pb_image src=&#8221;https:\/\/redfranciscana.org\/wp-content\/uploads\/2023\/02\/Segunda-foto-para-articulos-2023-5.png&#8221; _builder_version=&#8221;4.19.1&#8243; _module_preset=&#8221;default&#8221; theme_builder_area=&#8221;post_content&#8221; title_text=&#8221;Segunda foto para art\u00edculos &#8211; 2023-5&#8243; hover_enabled=&#8221;0&#8243; sticky_enabled=&#8221;0&#8243;][\/et_pb_image][et_pb_text _builder_version=&#8221;4.19.1&#8243; _module_preset=&#8221;default&#8221; theme_builder_area=&#8221;post_content&#8221; hover_enabled=&#8221;0&#8243; sticky_enabled=&#8221;0&#8243;]<\/p>\n<p style=\"text-align: justify;\"><span style=\"font-weight: 400;\">Because 40 beds have been conditioned, it is also possible to accommodate family members who come from their countries of origin to accompany the patients in their recovery and others who traveled with them and who are currently in the Gualaca Refuge.<\/span><\/p>\n<p style=\"text-align: justify;\"><span style=\"font-weight: 400;\">The Franciscan Network for Migrants in Panama appreciates the solidarity and generosity of the people who have sent their donations to Hogar Medalla Milagrosa and we ask God to multiply their charity in blessings.<\/span><\/p>\n<p style=\"text-align: justify;\"><span style=\"font-weight: 400;\">At this time, tables are required to set up the dining room, nightstands to put next to the patients&#8217; beds, donations of toiletries, food supplies, comfortable clothing and shoes such as flip-flops.<\/span><\/p>\n<p style=\"text-align: justify;\"><b>To send your donations, you can go to Hogar Medalla Milagrosa in the city of David, Barrio Bol\u00edvar, Chiriqu\u00ed or to the Banco General savings account No. 4-30-01-069691-6 in the name of Cta. of the Daughters of Charity of Saint Vincent de Paul &#8211; Miraculous Medal Community.<\/b><\/p>\n<p style=\"text-align: right;\"><strong>Panama, February 20, 2023<\/strong><\/p>\n<h3 style=\"text-align: right;\"><span style=\"color: #ff6600;\"><b><\/b><\/span><\/h3>\n<h3 style=\"text-align: right;\"><span style=\"color: #ff6600;\"><b><\/b><\/span><\/h3>\n<h3 style=\"text-align: right;\"><span style=\"color: #ff6600;\"><b><\/b><\/span><\/h3>\n<h3 style=\"text-align: right;\"><span style=\"color: #ff6600;\"><b><\/b><\/span><\/h3>\n<h3 style=\"text-align: right;\"><span style=\"color: #ff6600;\"><b><\/b><\/span><\/h3>\n<h3 style=\"text-align: right;\"><span style=\"color: #ff6600;\"><b>Vivian Cianca<\/b><\/span><\/h3>\n<h3 style=\"text-align: right;\"><span style=\"color: #ff6600;\"><b>RFM-Panama<\/b><\/span><\/h3>\n<p style=\"text-align: justify;\"><br style=\"font-weight: 400;\" \/><br style=\"font-weight: 400;\" \/><\/p>\n<p>[\/et_pb_text][et_pb_text _builder_version=&#8221;4.19.1&#8243; _module_preset=&#8221;default&#8221; theme_builder_area=&#8221;post_content&#8221; hover_enabled=&#8221;0&#8243; sticky_enabled=&#8221;0&#8243;]<\/p>\n<h4><strong>You can see previous articles here:<\/strong><\/h4>\n<p><b><\/b><\/p>\n<p><a href=\"https:\/\/redfranciscana.org\/comunicado-rfm-panama\/\"><b>RFM-Panama Statement<\/b><\/a><\/p>\n<h4><\/h4>\n<h4><a href=\"https:\/\/redfranciscana.org\/al-menos-39-muertos-deja-accidente-de-transito-de-un-bus-con-migrantes-en-gualaca\/\">At<b> least 39 dead leave a traffic accident involving a bus with migrants in Gualaca<\/b><\/a><\/h4>\n<p>[\/et_pb_text][\/et_pb_column][\/et_pb_row][\/et_pb_section]<\/p>\n<!-- AddThis Advanced Settings generic via filter on the_content --><!-- AddThis Share Buttons generic via filter on the_content -->","protected":false},"excerpt":{"rendered":"<p>After the tragic incident that occurred in the Planes de Gualaca, Chiriqu\u00ed, Panama on February 15, in which 41 migrants lost their lives, many actions have been taken to respond to the needs of the survivors and relatives of the victims.<!-- AddThis Advanced Settings generic via filter on get_the_excerpt --><!-- AddThis Share Buttons generic via filter on get_the_excerpt --><\/p>\n","protected":false},"author":3,"featured_media":9645,"comment_status":"open","ping_status":"open","sticky":true,"template":"","format":"standard","meta":{"_bbp_topic_count":0,"_bbp_reply_count":0,"_bbp_total_topic_count":0,"_bbp_total_reply_count":0,"_bbp_voice_count":0,"_bbp_anonymous_reply_count":0,"_bbp_topic_count_hidden":0,"_bbp_reply_count_hidden":0,"_bbp_forum_subforum_count":0,"_et_pb_use_builder":"on","_et_pb_old_content":"","_et_gb_content_width":"","_exactmetrics_skip_tracking":false,"footnotes":""},"categories":[28],"tags":[51,364,144,50,43,74],"class_list":["post-10105","post","type-post","status-publish","format-standard","has-post-thumbnail","hentry","category-news","tag-franciscan-network","tag-franciscan-network-for-migrants","tag-human-rights","tag-migrants","tag-migration","tag-protect"],"_links":{"self":[{"href":"https:\/\/redfranciscana.org\/en\/wp-json\/wp\/v2\/posts\/10105","targetHints":{"allow":["GET"]}}],"collection":[{"href":"https:\/\/redfranciscana.org\/en\/wp-json\/wp\/v2\/posts"}],"about":[{"href":"https:\/\/redfranciscana.org\/en\/wp-json\/wp\/v2\/types\/post"}],"author":[{"embeddable":true,"href":"https:\/\/redfranciscana.org\/en\/wp-json\/wp\/v2\/users\/3"}],"replies":[{"embeddable":true,"href":"https:\/\/redfranciscana.org\/en\/wp-json\/wp\/v2\/comments?post=10105"}],"version-history":[{"count":5,"href":"https:\/\/redfranciscana.org\/en\/wp-json\/wp\/v2\/posts\/10105\/revisions"}],"predecessor-version":[{"id":10112,"href":"https:\/\/redfranciscana.org\/en\/wp-json\/wp\/v2\/posts\/10105\/revisions\/10112"}],"wp:featuredmedia":[{"embeddable":true,"href":"https:\/\/redfranciscana.org\/en\/wp-json\/wp\/v2\/media\/9645"}],"wp:attachment":[{"href":"https:\/\/redfranciscana.org\/en\/wp-json\/wp\/v2\/media?parent=10105"}],"wp:term":[{"taxonomy":"category","embeddable":true,"href":"https:\/\/redfranciscana.org\/en\/wp-json\/wp\/v2\/categories?post=10105"},{"taxonomy":"post_tag","embeddable":true,"href":"https:\/\/redfranciscana.org\/en\/wp-json\/wp\/v2\/tags?post=10105"}],"curies":[{"name":"wp","href":"https:\/\/api.w.org\/{rel}","templated":true}]}}